{"id":5784,"date":"2019-02-21T14:08:07","date_gmt":"2019-02-21T13:08:07","guid":{"rendered":"http:\/\/www.champagne-sur-loue.fr\/?p=5784"},"modified":"2019-03-01T09:48:05","modified_gmt":"2019-03-01T08:48:05","slug":"fete-des-aines-dimanche-13-janvier-2019","status":"publish","type":"post","link":"https:\/\/www.champagne-sur-loue.fr\/index.php\/2019\/02\/21\/fete-des-aines-dimanche-13-janvier-2019\/","title":{"rendered":"FETE DES AINES Dimanche 13 Janvier 2019"},"content":{"rendered":"\n<p>Comme chaque d\u00e9but d&#8217;ann\u00e9e, le Maire \u00e0 cette occasion pr\u00e9sente ses v\u0153ux et ceux du Conseil Municipal, \u00e0 tous les habitants pr\u00e9sents.<\/p>\n\n\n\n<div class=\"wp-block-file\"><a href=\"http:\/\/www.champagne-sur-loue.fr\/wp-content\/uploads\/2019\/03\/VoeuxCCAS2019.pdf\">VoeuxCCAS2019<\/a><a href=\"http:\/\/www.champagne-sur-loue.fr\/wp-content\/uploads\/2019\/03\/VoeuxCCAS2019.pdf\" class=\"wp-block-file__button\" download>T\u00e9l\u00e9charger<\/a><\/div>\n\n\n\n<p><\/p>\n\n\n\n<p>Cette ann\u00e9e, chacun a pu appr\u00e9cier l\u2019ambiance g\u00e9n\u00e9r\u00e9e par les animations\nmusicales et humoristiques qui ont rythm\u00e9 cette rencontre conviviale.<\/p>\n\n\n\n<ul class=\"wp-container-2 wp-block-gallery-1 wp-block-gallery columns-3 is-cropped\"><li class=\"blocks-gallery-item\"><figure><img loading=\"lazy\" width=\"1024\" height=\"768\" src=\"http:\/\/www.champagne-sur-loue.fr\/wp-content\/uploads\/2019\/02\/DSC01117-1024x768.jpg\" alt=\"\" data-id=\"5811\" data-link=\"http:\/\/www.champagne-sur-loue.fr\/index.php\/2019\/02\/21\/fete-des-aines-dimanche-13-janvier-2019\/dsc01117\/\" class=\"wp-image-5811\" srcset=\"https:\/\/www.champagne-sur-loue.fr\/wp-content\/uploads\/2019\/02\/DSC01117-1024x768.jpg 1024w, https:\/\/www.champagne-sur-loue.fr\/wp-content\/uploads\/2019\/02\/DSC01117-300x225.jpg 300w, https:\/\/www.champagne-sur-loue.fr\/wp-content\/uploads\/2019\/02\/DSC01117-768x576.jpg 768w\" sizes=\"(max-width: 1024px) 100vw, 1024px\" \/><\/figure><\/li><li class=\"blocks-gallery-item\"><figure><img loading=\"lazy\" width=\"768\" height=\"1024\" src=\"http:\/\/www.champagne-sur-loue.fr\/wp-content\/uploads\/2019\/02\/DSC01116-e1551372050709-768x1024.jpg\" alt=\"\" data-id=\"5810\" data-link=\"http:\/\/www.champagne-sur-loue.fr\/index.php\/2019\/02\/21\/fete-des-aines-dimanche-13-janvier-2019\/dsc01116\/\" class=\"wp-image-5810\" srcset=\"https:\/\/www.champagne-sur-loue.fr\/wp-content\/uploads\/2019\/02\/DSC01116-e1551372050709-768x1024.jpg 768w, https:\/\/www.champagne-sur-loue.fr\/wp-content\/uploads\/2019\/02\/DSC01116-e1551372050709-225x300.jpg 225w\" sizes=\"(max-width: 768px) 100vw, 768px\" \/><\/figure><\/li><li class=\"blocks-gallery-item\"><figure><img loading=\"lazy\" width=\"1024\" height=\"768\" src=\"http:\/\/www.champagne-sur-loue.fr\/wp-content\/uploads\/2019\/02\/CHAMLOUrepasA\u00een\u00e9s19-002-1-1024x768.jpg\" alt=\"\" data-id=\"5793\" data-link=\"http:\/\/www.champagne-sur-loue.fr\/index.php\/2019\/02\/21\/fete-des-aines-dimanche-13-janvier-2019\/chamlourepasaines19-002-2\/\" class=\"wp-image-5793\" srcset=\"https:\/\/www.champagne-sur-loue.fr\/wp-content\/uploads\/2019\/02\/CHAMLOUrepasA\u00een\u00e9s19-002-1-1024x768.jpg 1024w, https:\/\/www.champagne-sur-loue.fr\/wp-content\/uploads\/2019\/02\/CHAMLOUrepasA\u00een\u00e9s19-002-1-300x225.jpg 300w, https:\/\/www.champagne-sur-loue.fr\/wp-content\/uploads\/2019\/02\/CHAMLOUrepasA\u00een\u00e9s19-002-1-768x576.jpg 768w, https:\/\/www.champagne-sur-loue.fr\/wp-content\/uploads\/2019\/02\/CHAMLOUrepasA\u00een\u00e9s19-002-1.jpg 1632w\" sizes=\"(max-width: 1024px) 100vw, 1024px\" \/><\/figure><\/li><li class=\"blocks-gallery-item\"><figure><img loading=\"lazy\" width=\"1024\" height=\"768\" src=\"http:\/\/www.champagne-sur-loue.fr\/wp-content\/uploads\/2019\/02\/DSC01105-1024x768.jpg\" alt=\"\" data-id=\"5799\" data-link=\"http:\/\/www.champagne-sur-loue.fr\/index.php\/2019\/02\/21\/fete-des-aines-dimanche-13-janvier-2019\/dsc01105\/\" class=\"wp-image-5799\" srcset=\"https:\/\/www.champagne-sur-loue.fr\/wp-content\/uploads\/2019\/02\/DSC01105-1024x768.jpg 1024w, https:\/\/www.champagne-sur-loue.fr\/wp-content\/uploads\/2019\/02\/DSC01105-300x225.jpg 300w, https:\/\/www.champagne-sur-loue.fr\/wp-content\/uploads\/2019\/02\/DSC01105-768x576.jpg 768w\" sizes=\"(max-width: 1024px) 100vw, 1024px\" \/><\/figure><\/li><li class=\"blocks-gallery-item\"><figure><img loading=\"lazy\" width=\"1024\" height=\"768\" src=\"http:\/\/www.champagne-sur-loue.fr\/wp-content\/uploads\/2019\/02\/DSC01103-1024x768.jpg\" alt=\"\" data-id=\"5797\" data-link=\"http:\/\/www.champagne-sur-loue.fr\/index.php\/2019\/02\/21\/fete-des-aines-dimanche-13-janvier-2019\/dsc01103\/\" class=\"wp-image-5797\" srcset=\"https:\/\/www.champagne-sur-loue.fr\/wp-content\/uploads\/2019\/02\/DSC01103-1024x768.jpg 1024w, https:\/\/www.champagne-sur-loue.fr\/wp-content\/uploads\/2019\/02\/DSC01103-300x225.jpg 300w, https:\/\/www.champagne-sur-loue.fr\/wp-content\/uploads\/2019\/02\/DSC01103-768x576.jpg 768w\" sizes=\"(max-width: 1024px) 100vw, 1024px\" \/><\/figure><\/li><li class=\"blocks-gallery-item\"><figure><img loading=\"lazy\" width=\"1024\" height=\"768\" src=\"http:\/\/www.champagne-sur-loue.fr\/wp-content\/uploads\/2019\/02\/DSC01102-1024x768.jpg\" alt=\"\" data-id=\"5791\" data-link=\"http:\/\/www.champagne-sur-loue.fr\/index.php\/2019\/02\/21\/fete-des-aines-dimanche-13-janvier-2019\/dsc01102\/\" class=\"wp-image-5791\" srcset=\"https:\/\/www.champagne-sur-loue.fr\/wp-content\/uploads\/2019\/02\/DSC01102-1024x768.jpg 1024w, https:\/\/www.champagne-sur-loue.fr\/wp-content\/uploads\/2019\/02\/DSC01102-300x225.jpg 300w, https:\/\/www.champagne-sur-loue.fr\/wp-content\/uploads\/2019\/02\/DSC01102-768x576.jpg 768w\" sizes=\"(max-width: 1024px) 100vw, 1024px\" \/><\/figure><\/li><li class=\"blocks-gallery-item\"><figure><img loading=\"lazy\" width=\"1024\" height=\"768\" src=\"http:\/\/www.champagne-sur-loue.fr\/wp-content\/uploads\/2019\/02\/DSC01102-1-1024x768.jpg\" alt=\"\" data-id=\"5796\" data-link=\"http:\/\/www.champagne-sur-loue.fr\/index.php\/2019\/02\/21\/fete-des-aines-dimanche-13-janvier-2019\/dsc01102-2\/\" class=\"wp-image-5796\" srcset=\"https:\/\/www.champagne-sur-loue.fr\/wp-content\/uploads\/2019\/02\/DSC01102-1-1024x768.jpg 1024w, https:\/\/www.champagne-sur-loue.fr\/wp-content\/uploads\/2019\/02\/DSC01102-1-300x225.jpg 300w, https:\/\/www.champagne-sur-loue.fr\/wp-content\/uploads\/2019\/02\/DSC01102-1-768x576.jpg 768w\" sizes=\"(max-width: 1024px) 100vw, 1024px\" \/><\/figure><\/li><li class=\"blocks-gallery-item\"><figure><img loading=\"lazy\" width=\"577\" height=\"433\" src=\"http:\/\/www.champagne-sur-loue.fr\/wp-content\/uploads\/2019\/02\/DSC01101.jpg\" alt=\"\" data-id=\"5795\" data-link=\"http:\/\/www.champagne-sur-loue.fr\/index.php\/2019\/02\/21\/fete-des-aines-dimanche-13-janvier-2019\/dsc01101\/\" class=\"wp-image-5795\" srcset=\"https:\/\/www.champagne-sur-loue.fr\/wp-content\/uploads\/2019\/02\/DSC01101.jpg 577w, https:\/\/www.champagne-sur-loue.fr\/wp-content\/uploads\/2019\/02\/DSC01101-300x225.jpg 300w\" sizes=\"(max-width: 577px) 100vw, 577px\" \/><\/figure><\/li><li class=\"blocks-gallery-item\"><figure><img loading=\"lazy\" width=\"1024\" height=\"768\" src=\"http:\/\/www.champagne-sur-loue.fr\/wp-content\/uploads\/2019\/02\/DSC01108-1024x768.jpg\" alt=\"\" data-id=\"5792\" data-link=\"http:\/\/www.champagne-sur-loue.fr\/index.php\/2019\/02\/21\/fete-des-aines-dimanche-13-janvier-2019\/dsc01108\/\" class=\"wp-image-5792\" srcset=\"https:\/\/www.champagne-sur-loue.fr\/wp-content\/uploads\/2019\/02\/DSC01108-1024x768.jpg 1024w, https:\/\/www.champagne-sur-loue.fr\/wp-content\/uploads\/2019\/02\/DSC01108-300x225.jpg 300w, https:\/\/www.champagne-sur-loue.fr\/wp-content\/uploads\/2019\/02\/DSC01108-768x576.jpg 768w\" sizes=\"(max-width: 1024px) 100vw, 1024px\" \/><\/figure><\/li><\/ul>\n\n\n\n<p style=\"text-align:left\">Journ\u00e9e de d\u00e9tente et de convivialit\u00e9 autour du d\u00e9jeuner annuel partag\u00e9,\nfavorisant des moments d\u2019\u00e9changes informels, destin\u00e9s \u00e0 d\u00e9couvrir peut-\u00eatre,\nresserrer sans doute, les liens interg\u00e9n\u00e9rationnels qui existent entre nous.&nbsp;&nbsp;&nbsp;&nbsp;&nbsp;&nbsp;&nbsp;&nbsp;&nbsp;&nbsp;&nbsp; <\/p>\n","protected":false},"excerpt":{"rendered":"<p>Comme chaque d\u00e9but d&#8217;ann\u00e9e, le Maire \u00e0 cette occasion pr\u00e9sente ses v\u0153ux et ceux du Conseil Municipal, \u00e0 tous les habitants pr\u00e9sents. Cette ann\u00e9e, chacun a pu appr\u00e9cier l\u2019ambiance g\u00e9n\u00e9r\u00e9e par les animations musicales et humoristiques qui ont rythm\u00e9 cette rencontre conviviale. Journ\u00e9e de d\u00e9tente et de convivialit\u00e9 autour du d\u00e9jeuner annuel partag\u00e9, favorisant des &hellip;<\/p>\n","protected":false},"author":2,"featured_media":5793,"comment_status":"closed","ping_status":"closed","sticky":false,"template":"","format":"standard","meta":[],"categories":[14],"tags":[],"_links":{"self":[{"href":"https:\/\/www.champagne-sur-loue.fr\/index.php\/wp-json\/wp\/v2\/posts\/5784"}],"collection":[{"href":"https:\/\/www.champagne-sur-loue.fr\/index.php\/wp-json\/wp\/v2\/posts"}],"about":[{"href":"https:\/\/www.champagne-sur-loue.fr\/index.php\/wp-json\/wp\/v2\/types\/post"}],"author":[{"embeddable":true,"href":"https:\/\/www.champagne-sur-loue.fr\/index.php\/wp-json\/wp\/v2\/users\/2"}],"replies":[{"embeddable":true,"href":"https:\/\/www.champagne-sur-loue.fr\/index.php\/wp-json\/wp\/v2\/comments?post=5784"}],"version-history":[{"count":8,"href":"https:\/\/www.champagne-sur-loue.fr\/index.php\/wp-json\/wp\/v2\/posts\/5784\/revisions"}],"predecessor-version":[{"id":5867,"href":"https:\/\/www.champagne-sur-loue.fr\/index.php\/wp-json\/wp\/v2\/posts\/5784\/revisions\/5867"}],"wp:featuredmedia":[{"embeddable":true,"href":"https:\/\/www.champagne-sur-loue.fr\/index.php\/wp-json\/wp\/v2\/media\/5793"}],"wp:attachment":[{"href":"https:\/\/www.champagne-sur-loue.fr\/index.php\/wp-json\/wp\/v2\/media?parent=5784"}],"wp:term":[{"taxonomy":"category","embeddable":true,"href":"https:\/\/www.champagne-sur-loue.fr\/index.php\/wp-json\/wp\/v2\/categories?post=5784"},{"taxonomy":"post_tag","embeddable":true,"href":"https:\/\/www.champagne-sur-loue.fr\/index.php\/wp-json\/wp\/v2\/tags?post=5784"}],"curies":[{"name":"wp","href":"https:\/\/api.w.org\/{rel}","templated":true}]}}